{"id":786,"date":"2025-12-05T16:34:34","date_gmt":"2025-12-05T13:34:34","guid":{"rendered":"https:\/\/www.network.com.tr\/blog\/?p=786"},"modified":"2025-12-05T16:34:34","modified_gmt":"2025-12-05T13:34:34","slug":"erkek-gardirobunun-temel-parcalariyla-zamansiz-sikligin-formulunu-kesfedin","status":"publish","type":"post","link":"https:\/\/www.network.com.tr\/blog\/erkek-gardirobunun-temel-parcalariyla-zamansiz-sikligin-formulunu-kesfedin\/","title":{"rendered":"Erkek Gard\u0131robunun Temel Par\u00e7alar\u0131yla Zamans\u0131z \u015e\u0131kl\u0131\u011f\u0131n Form\u00fcl\u00fcn\u00fc Ke\u015ffedin"},"content":{"rendered":"<div id=\"ez-toc-container\" class=\"ez-toc-v2_0_81 ez-toc-wrap-center counter-hierarchy ez-toc-counter ez-toc-white ez-toc-container-direction\">\n<div class=\"ez-toc-title-container\">\n<p class=\"ez-toc-title\" style=\"cursor:inherit\">Ak\u0131\u015f<\/p>\n<span class=\"ez-toc-title-toggle\"><a href=\"#\" class=\"ez-toc-pull-right ez-toc-btn ez-toc-btn-xs ez-toc-btn-default ez-toc-toggle\" aria-label=\"\u0130\u00e7indekiler Tablosunu A\u00e7\/Kapat\"><span class=\"ez-toc-js-icon-con\"><span class=\"\"><span class=\"eztoc-hide\" style=\"display:none;\">Toggle<\/span><span class=\"ez-toc-icon-toggle-span\"><svg style=\"fill: #999;color:#999\" xmlns=\"http:\/\/www.w3.org\/2000\/svg\" class=\"list-377408\" width=\"20px\" height=\"20px\" viewBox=\"0 0 24 24\" fill=\"none\"><path d=\"M6 6H4v2h2V6zm14 0H8v2h12V6zM4 11h2v2H4v-2zm16 0H8v2h12v-2zM4 16h2v2H4v-2zm16 0H8v2h12v-2z\" fill=\"currentColor\"><\/path><\/svg><svg style=\"fill: #999;color:#999\" class=\"arrow-unsorted-368013\" xmlns=\"http:\/\/www.w3.org\/2000\/svg\" width=\"10px\" height=\"10px\" viewBox=\"0 0 24 24\" version=\"1.2\" baseProfile=\"tiny\"><path d=\"M18.2 9.3l-6.2-6.3-6.2 6.3c-.2.2-.3.4-.3.7s.1.5.3.7c.2.2.4.3.7.3h11c.3 0 .5-.1.7-.3.2-.2.3-.5.3-.7s-.1-.5-.3-.7zM5.8 14.7l6.2 6.3 6.2-6.3c.2-.2.3-.5.3-.7s-.1-.5-.3-.7c-.2-.2-.4-.3-.7-.3h-11c-.3 0-.5.1-.7.3-.2.2-.3.5-.3.7s.1.5.3.7z\"\/><\/svg><\/span><\/span><\/span><\/a><\/span><\/div>\n<nav><ul class='ez-toc-list ez-toc-list-level-1 ' ><li class='ez-toc-page-1 ez-toc-heading-level-2'><a class=\"ez-toc-link ez-toc-heading-1\" href=\"https:\/\/www.network.com.tr\/blog\/erkek-gardirobunun-temel-parcalariyla-zamansiz-sikligin-formulunu-kesfedin\/#Erkek_Gardirobunun_Olmazsa_Olmaz_Parcalari\" >Erkek Gard\u0131robunun Olmazsa Olmaz Par\u00e7alar\u0131\u00a0<\/a><\/li><li class='ez-toc-page-1 ez-toc-heading-level-2'><a class=\"ez-toc-link ez-toc-heading-2\" href=\"https:\/\/www.network.com.tr\/blog\/erkek-gardirobunun-temel-parcalariyla-zamansiz-sikligin-formulunu-kesfedin\/#Ofis_Sikligini_Tamamlayan_Temel_Parcalar\" >Ofis \u015e\u0131kl\u0131\u011f\u0131n\u0131 Tamamlayan Temel Par\u00e7alar\u00a0<\/a><\/li><li class='ez-toc-page-1 ez-toc-heading-level-2'><a class=\"ez-toc-link ez-toc-heading-3\" href=\"https:\/\/www.network.com.tr\/blog\/erkek-gardirobunun-temel-parcalariyla-zamansiz-sikligin-formulunu-kesfedin\/#Gunluk_Sikligin_Temel_Taslari\" >G\u00fcnl\u00fck \u015e\u0131kl\u0131\u011f\u0131n Temel Ta\u015flar\u0131\u00a0<\/a><\/li><li class='ez-toc-page-1 ez-toc-heading-level-2'><a class=\"ez-toc-link ez-toc-heading-4\" href=\"https:\/\/www.network.com.tr\/blog\/erkek-gardirobunun-temel-parcalariyla-zamansiz-sikligin-formulunu-kesfedin\/#Dis_Giyimde_Zamansiz_Siklik\" >D\u0131\u015f Giyimde Zamans\u0131z \u015e\u0131kl\u0131k\u00a0<\/a><\/li><li class='ez-toc-page-1 ez-toc-heading-level-2'><a class=\"ez-toc-link ez-toc-heading-5\" href=\"https:\/\/www.network.com.tr\/blog\/erkek-gardirobunun-temel-parcalariyla-zamansiz-sikligin-formulunu-kesfedin\/#Aksesuarlarla_Tarzi_Tamamlamak\" >Aksesuarlarla Tarz\u0131 Tamamlamak\u00a0<\/a><\/li><li class='ez-toc-page-1 ez-toc-heading-level-2'><a class=\"ez-toc-link ez-toc-heading-6\" href=\"https:\/\/www.network.com.tr\/blog\/erkek-gardirobunun-temel-parcalariyla-zamansiz-sikligin-formulunu-kesfedin\/#Gardirobunuzu_Guncel_Tutmanin_Ipuclari\" >Gard\u0131robunuzu G\u00fcncel Tutman\u0131n \u0130pu\u00e7lar\u0131\u00a0<\/a><\/li><\/ul><\/nav><\/div>\n<p><span style=\"font-weight: 400;\">Modern erkek giyim anlay\u0131\u015f\u0131 trendleri takip etmekle birlikte do\u011fru par\u00e7alar\u0131 e\u015fle\u015ftirmek \u00f6nem ta\u015f\u0131r. Bu noktada baz\u0131 temel par\u00e7alar hayat kurtar\u0131c\u0131d\u0131r. Sezona uygun modeller, zamans\u0131z tasar\u0131mlar ve sizi yans\u0131tan par\u00e7alarla olu\u015fturaca\u011f\u0131n\u0131z bir kaps\u00fcl gard\u0131rop ile en karars\u0131z g\u00fcnlerinizde bile stilinizi \u00e7ok \u015f\u0131k \u015fekilde yans\u0131tabilirsiniz. Her erke\u011fin dolab\u0131nda bulunmas\u0131 gereken sabit par\u00e7alar, g\u00fcn\u00fcn her saatinde stilinizi g\u00fc\u00e7l\u00fc \u015fekilde vurgular ve sizi her ortama haz\u0131r hale getirir. Network.com.tr\u2019nin erkek giyim kategorilerinde zamans\u0131z \u00e7izgiler yakalayan modellerden en trend par\u00e7alara kadar bir\u00e7ok farkl\u0131 alternatifi bulabilirsiniz. Bu par\u00e7alar\u0131 en uyumlu ve dengeli \u015fekilde birle\u015ftirmek i\u00e7in bir erkek gard\u0131rop rehberi ihtiyac\u0131 duyuyorsan\u0131z, okumaya devam edin.<\/span><\/p>\n<h2><span class=\"ez-toc-section\" id=\"Erkek_Gardirobunun_Olmazsa_Olmaz_Parcalari\"><\/span><span style=\"font-weight: 400;\">Erkek Gard\u0131robunun Olmazsa Olmaz Par\u00e7alar\u0131\u00a0<\/span><span class=\"ez-toc-section-end\"><\/span><\/h2>\n<p><span style=\"font-weight: 400;\">Bir erke\u011fin dolab\u0131, baz\u0131 par\u00e7alar olmadan tamamlanm\u0131\u015f say\u0131lmaz. Bu par\u00e7alar hem ofis hayat\u0131nda hem de g\u00fcnl\u00fck kombinlerde g\u00fcvenli bir alan yarat\u0131r.<\/span><\/p>\n<h3><span style=\"font-weight: 400;\">Beyaz G\u00f6mlek: Her Kombinin Kurtar\u0131c\u0131s\u0131\u00a0<\/span><\/h3>\n<p><span style=\"font-weight: 400;\">Beyaz g\u00f6mlek, her gard\u0131robun temel ta\u015f\u0131d\u0131r. <\/span><strong><a href=\"https:\/\/www.network.com.tr\/erkek-gomlek-cesitleri-710\" target=\"_blank\" rel=\"noopener\">Erkek g\u00f6mlek<\/a><\/strong><span style=\"font-weight: 400;\"> kategorisinin en g\u00fc\u00e7l\u00fc \u00fcyesi olan bu par\u00e7a ofiste, davetlerde ve g\u00fcnl\u00fck \u015fehir ya\u015fam\u0131nda zahmetsiz bir \u015f\u0131kl\u0131k sunar. Beyaz g\u00f6mle\u011fin g\u00fcc\u00fc, her stile uyum sa\u011flamas\u0131ndan gelir. \u00dczerine blazer giyildi\u011finde profesyonel bir aura yarat\u0131rken tek ba\u015f\u0131na kullan\u0131ld\u0131\u011f\u0131nda modern bir sadelik sunar.<\/span><\/p>\n<p><span style=\"font-weight: 400;\">Beyaz g\u00f6mlek, klasik kesim erkek pantolon ile ofis \u015f\u0131kl\u0131\u011f\u0131 kombininde kusursuz \u00e7al\u0131\u015f\u0131r. E\u011fer smart casual bir stil olu\u015fturmak istiyorsan\u0131z beyaz g\u00f6mle\u011fi jean ve deri kemer ile e\u015fle\u015ftirerek kombini tamamlayabilirsiniz. Minimal erkek aksesuar \u00e7e\u015fitleri ile \u00e7arp\u0131c\u0131 ve \u00f6zg\u00fcn stilinizi olu\u015fturabilirsiniz.<\/span><\/p>\n<h3><span style=\"font-weight: 400;\">Koyu Jean: G\u00fcnl\u00fck ve Ak\u015fam \u015e\u0131kl\u0131\u011f\u0131 \u0130\u00e7in\u00a0<\/span><\/h3>\n<p><span style=\"font-weight: 400;\">Koyu tonlu bir jean, erkek moda d\u00fcnyas\u0131n\u0131n en i\u015flevsel par\u00e7alar\u0131ndan biridir. G\u00fcnd\u00fcz rahat kullan\u0131m sa\u011flarken, ak\u015fam kombinlerine de g\u00fc\u00e7l\u00fc bir zemin haz\u0131rlar. \u00d6zellikle lacivert ve siyaha yak\u0131n tonlar, erkek kombin \u00f6nerileri aras\u0131nda en \u00e7ok tercih edilen se\u00e7enekler aras\u0131nda yer al\u0131r.<\/span><\/p>\n<p><span style=\"font-weight: 400;\">Koyu jean,\u00a0 basic ti\u015f\u00f6rt ve blazer kombinasyonu hem g\u00fcnl\u00fck kullan\u0131mda hem de yar\u0131 resmi ortamlar i\u00e7in dengeli bir g\u00f6r\u00fcn\u00fcm sa\u011flar.<\/span><\/p>\n<h2><span class=\"ez-toc-section\" id=\"Ofis_Sikligini_Tamamlayan_Temel_Parcalar\"><\/span><span style=\"font-weight: 400;\">Ofis \u015e\u0131kl\u0131\u011f\u0131n\u0131 Tamamlayan Temel Par\u00e7alar\u00a0<\/span><span class=\"ez-toc-section-end\"><\/span><\/h2>\n<p><span style=\"font-weight: 400;\">Ofis stili, net \u00e7izgiler ve g\u00fc\u00e7l\u00fc kombin mant\u0131\u011f\u0131 gerektirir. Bu alanda do\u011fru par\u00e7a se\u00e7imi, profesyonel g\u00f6r\u00fcn\u00fcm\u00fcn anahtar\u0131d\u0131r.<\/span><\/p>\n<h3><span style=\"font-weight: 400;\">Blazer Ceketlerle Profesyonel G\u00f6r\u00fcn\u00fcm\u00a0<\/span><\/h3>\n<p><span style=\"font-weight: 400;\">Blazer ceket erkek moda trendleri i\u00e7inde her sezon yerini koruyan g\u00fc\u00e7l\u00fc bir par\u00e7ad\u0131r. \u00d6zellikle <\/span><a href=\"https:\/\/www.network.com.tr\/erkek-takim-elbise-modelleri-714\" target=\"_blank\" rel=\"noopener\"><span style=\"font-weight: 400;\"><strong>erkek tak\u0131m elbise<\/strong><\/span><\/a><span style=\"font-weight: 400;\"> alternatifi gibi \u00e7al\u0131\u015fabilen blazerlar, daha konforlu bir \u015f\u0131kl\u0131k sa\u011flarken ciddi g\u00f6r\u00fcn\u00fcmden \u00f6d\u00fcn vermez. Blazer ceket kombinleri i\u00e7in genellikle a\u00e7\u0131k ton ceketlerle beyaz erkek g\u00f6mlek \u00e7e\u015fitleri fit kesim erkek pantolon tasar\u0131mlarla e\u015fle\u015ftirilir. Kombin minimal desenli erkek kemer modelleri tamamlan\u0131r. Bu yap\u0131, otoriter ama ula\u015f\u0131labilir bir imaj yarat\u0131r.<\/span><\/p>\n<h3><span style=\"font-weight: 400;\">Kuma\u015f Pantolon ve Deri Ayakkab\u0131 Uyumu\u00a0<\/span><\/h3>\n<p><span style=\"font-weight: 400;\">Ofis stilinin vazge\u00e7ilmez ikilisi: kuma\u015f pantolon ve deri ayakkab\u0131. <\/span><strong><a href=\"https:\/\/www.network.com.tr\/pantolon-718\" target=\"_blank\" rel=\"noopener\">Erkek pantolon<\/a><\/strong><span style=\"font-weight: 400;\"> s\u00f6z konusu oldu\u011funda, do\u011fru kesim ve do\u011fru pa\u00e7a uzunlu\u011fu her zaman kritik rol oynar. Bu kombin erkek giyim modas\u0131 i\u00e7inde klasikle\u015fmi\u015f bir yap\u0131ya sahiptir. Deri ayakkab\u0131 ve erkek kemer renk uyumu, kombinin b\u00fct\u00fcnl\u00fc\u011f\u00fcn\u00fc belirleyen en \u00f6nemli detaylardan biridir.<\/span><\/p>\n<h2><span class=\"ez-toc-section\" id=\"Gunluk_Sikligin_Temel_Taslari\"><\/span><span style=\"font-weight: 400;\">G\u00fcnl\u00fck \u015e\u0131kl\u0131\u011f\u0131n Temel Ta\u015flar\u0131\u00a0<\/span><span class=\"ez-toc-section-end\"><\/span><\/h2>\n<p><span style=\"font-weight: 400;\">G\u00fcnl\u00fck stil, konfor ile esteti\u011fin bir araya geldi\u011fi aland\u0131r. Erkek kombin kavram\u0131 burada daha \u00f6zg\u00fcr bir yap\u0131 kazan\u0131r.<\/span><\/p>\n<h3><span style=\"font-weight: 400;\">Basic Ti\u015f\u00f6rt ve Triko Uyumu\u00a0<\/span><\/h3>\n<p><span style=\"font-weight: 400;\">Basic ti\u015f\u00f6rtler <\/span><strong><a href=\"https:\/\/www.network.com.tr\/erkek-t-shirt-cesitleri-711\" target=\"_blank\" rel=\"noopener\">erkek tshirt<\/a><\/strong><span style=\"font-weight: 400;\"> kategorisinin temel yap\u0131 ta\u015flar\u0131d\u0131r. \u00dczerine al\u0131nan hafif bir triko katman, kombini bir \u00fcst seviyeye ta\u015f\u0131r. Bu uyum \u00f6zellikle mevsim ge\u00e7i\u015flerinde olduk\u00e7a i\u015flevseldir. Basic ti\u015f\u00f6rt \u00fczerine giyilen triko ile e\u015fle\u015ftirilen jean pantolon, erkek giyim trendleri aras\u0131nda \u00e7ok pop\u00fclerdir ve her sezon kendine yer bulur.<\/span><\/p>\n<h3><span style=\"font-weight: 400;\">Konforlu Par\u00e7alarla Minimal Stil\u00a0<\/span><\/h3>\n<p><span style=\"font-weight: 400;\">Minimal stil, az par\u00e7ayla g\u00fc\u00e7l\u00fc etki yaratmay\u0131 hedefler. Oversize sweatshirt, rahat kesim pantolon ve sade sneaker\u2019lar bu kombinasyonun yap\u0131 ta\u015flar\u0131d\u0131r. Burada en \u00f6nemli detay, par\u00e7alar\u0131n renk ve doku a\u00e7\u0131s\u0131ndan birbiriyle uyumlu olmas\u0131d\u0131r.<\/span><\/p>\n<h2><span class=\"ez-toc-section\" id=\"Dis_Giyimde_Zamansiz_Siklik\"><\/span><span style=\"font-weight: 400;\">D\u0131\u015f Giyimde Zamans\u0131z \u015e\u0131kl\u0131k\u00a0<\/span><span class=\"ez-toc-section-end\"><\/span><\/h2>\n<p><span style=\"font-weight: 400;\">D\u0131\u015f giyim, kombinin karakterini belirleyen en g\u00fc\u00e7l\u00fc katmand\u0131r. \u0130lk izlenimde etki yaratan d\u0131\u015f giyim par\u00e7alar\u0131 t\u00fcm g\u00f6r\u00fcn\u00fcm\u00fc tek hamlede yukar\u0131 ta\u015f\u0131r.<\/span><\/p>\n<h3><span style=\"font-weight: 400;\">Klasik Kabanlar ve Mevsimlik Ceketler\u00a0<\/span><\/h3>\n<p><span style=\"font-weight: 400;\">Klasik kabanlar, \u00f6zellikle k\u0131\u015f aylar\u0131nda zamans\u0131z erkek stil kavram\u0131n\u0131 en iyi yans\u0131tan par\u00e7alard\u0131r. D\u00fcz kesim, sade renk ve kaliteli kuma\u015f bu alandaki temel kriterlerdir.<\/span><\/p>\n<p><span style=\"font-weight: 400;\">Mevsimlik ceketler ise ge\u00e7i\u015f d\u00f6nemlerinin kurtar\u0131c\u0131s\u0131d\u0131r. Hafif yap\u0131lar\u0131 sayesinde hem fonksiyonel hem de stil a\u00e7\u0131s\u0131ndan g\u00fc\u00e7l\u00fc bir \u00e7izgi sunar.<\/span><\/p>\n<h3><span style=\"font-weight: 400;\">Renk ve Doku Uyumu ile \u015e\u0131k G\u00f6r\u00fcn\u00fcm\u00a0<\/span><\/h3>\n<p><span style=\"font-weight: 400;\">D\u0131\u015f giyimde renk ve doku uyumu, kombinin genel havas\u0131n\u0131 belirler. Mat y\u00fczeyli kuma\u015flar, so\u011fuk mevsimlerde daha sofistike bir etki yarat\u0131r. Bej, gri ve lacivert tonlar\u0131 ise her zaman g\u00fcvenli bir palet olu\u015fturur.<\/span><\/p>\n<h2><span class=\"ez-toc-section\" id=\"Aksesuarlarla_Tarzi_Tamamlamak\"><\/span><span style=\"font-weight: 400;\">Aksesuarlarla Tarz\u0131 Tamamlamak\u00a0<\/span><span class=\"ez-toc-section-end\"><\/span><\/h2>\n<p><span style=\"font-weight: 400;\">Detaylar, stilin ruhunu olu\u015fturur. <\/span><strong><a href=\"https:\/\/www.network.com.tr\/aksesuar-732\" target=\"_blank\" rel=\"noopener\">Erkek aksesuar<\/a><\/strong><span style=\"font-weight: 400;\"> kullan\u0131m\u0131, kombinin karakterini sessiz ama etkili bir \u015fekilde tamamlar.<\/span><\/p>\n<h3><span style=\"font-weight: 400;\">Deri Kemer, Saat ve Ayakkab\u0131 \u00dc\u00e7l\u00fcs\u00fc\u00a0<\/span><\/h3>\n<p><span style=\"font-weight: 400;\">Bu \u00fc\u00e7l\u00fc, klasik erkek stil bile\u015fenlerinin omurgas\u0131n\u0131 olu\u015fturur. Erkek kemer ve ayakkab\u0131 aras\u0131ndaki renk uyumu, stil alg\u0131s\u0131n\u0131 do\u011frudan etkiler. Saat ise kombinin ki\u015fisel imzas\u0131 gibidir. Bu k\u00fc\u00e7\u00fck detaylar, erkek stil rehberi i\u00e7inde her zaman vurgulanan en \u00f6nemli unsurlar aras\u0131nda yer al\u0131r.<\/span><\/p>\n<h3><span style=\"font-weight: 400;\">Gard\u0131robu Detaylarla Ki\u015fiselle\u015ftirmek\u00a0<\/span><\/h3>\n<p><span style=\"font-weight: 400;\">Her erke\u011fin stili kendine \u00f6zg\u00fcd\u00fcr. Burada ama\u00e7, temel par\u00e7alar\u0131 koruyarak ki\u015fisel dokunu\u015flar eklemektir. Bileklik, kolye veya sade bir \u015fapka, kombine karakter kazand\u0131r\u0131r.<\/span><\/p>\n<h2><span class=\"ez-toc-section\" id=\"Gardirobunuzu_Guncel_Tutmanin_Ipuclari\"><\/span><span style=\"font-weight: 400;\">Gard\u0131robunuzu G\u00fcncel Tutman\u0131n \u0130pu\u00e7lar\u0131\u00a0<\/span><span class=\"ez-toc-section-end\"><\/span><\/h2>\n<p><span style=\"font-weight: 400;\">Sabit par\u00e7alar kadar, onlar\u0131 g\u00fcncel tutmak da \u00f6nemlidir.<\/span><\/p>\n<h3><span style=\"font-weight: 400;\">Kaliteli Par\u00e7alar\u0131 Uzun \u00d6m\u00fcrl\u00fc Kullanmak\u00a0<\/span><\/h3>\n<p><span style=\"font-weight: 400;\">Kalite, uzun vadeli \u015f\u0131kl\u0131\u011f\u0131n anahtar\u0131d\u0131r. Dayan\u0131kl\u0131 kuma\u015flar, sa\u011flam diki\u015fler ve do\u011fru bak\u0131m ile temel par\u00e7alar uzun s\u00fcre formunu korur. Bu yakla\u015f\u0131m, erkek moda anlay\u0131\u015f\u0131n\u0131 daha s\u00fcrd\u00fcr\u00fclebilir bir noktaya ta\u015f\u0131r.<\/span><\/p>\n<h3><span style=\"font-weight: 400;\">Mevsimsel Trendleri Temel Par\u00e7alarla Harmanlamak\u00a0<\/span><\/h3>\n<p><span style=\"font-weight: 400;\">Trendleri tamamen gard\u0131robun merkezine almak yerine, temel par\u00e7alarla harmanlamak en sa\u011fl\u0131kl\u0131 yakla\u015f\u0131md\u0131r. \u00d6rne\u011fin, mevcut bir basic kombin \u00fczerine sezonun pop\u00fcler renklerinden bir ceket eklemek, g\u00f6r\u00fcn\u00fcm\u00fc g\u00fcnceller.<\/span><\/p>\n<h3><span style=\"font-weight: 400;\">Zamans\u0131z bir gard\u0131rop nas\u0131l olu\u015fturulur?\u00a0<\/span><\/h3>\n<p><span style=\"font-weight: 400;\">Kaliteli temel par\u00e7alar se\u00e7erek ve renk paletini sade tutarak zamans\u0131z bir yap\u0131 olu\u015fturabilirsiniz.<\/span><\/p>\n<h3><span style=\"font-weight: 400;\">Ofis ve g\u00fcnl\u00fck stil i\u00e7in hangi par\u00e7alar ortak kullan\u0131labilir?\u00a0<\/span><\/h3>\n<p><span style=\"font-weight: 400;\">Beyaz g\u00f6mlek, blazer ceket ve koyu jean her iki alan i\u00e7in de uyumludur.<\/span><\/p>\n<h3><span style=\"font-weight: 400;\">Gard\u0131rop yenilenirken nelere dikkat edilmeli?\u00a0<\/span><\/h3>\n<p><span style=\"font-weight: 400;\">Kuma\u015f kalitesi, par\u00e7a uyumu ve uzun vadeli kullan\u0131m potansiyeli de\u011ferlendirilmelidir.<\/span><\/p>\n<h3><span style=\"font-weight: 400;\">Erkek gard\u0131robunda hangi renkler olmal\u0131?\u00a0<\/span><\/h3>\n<p><span style=\"font-weight: 400;\">Siyah, lacivert, gri, bej ve beyaz tonlar\u0131 her zaman temel paleti olu\u015fturur.<\/span><\/p>\n<p>&nbsp;<\/p>\n","protected":false},"excerpt":{"rendered":"<p>Modern erkek giyim anlay\u0131\u015f\u0131 trendleri takip etmekle birlikte do\u011fru par\u00e7alar\u0131 e\u015fle\u015ftirmek \u00f6nem ta\u015f\u0131r. Bu noktada baz\u0131 temel par\u00e7alar hayat kurtar\u0131c\u0131d\u0131r. Sezona uygun modeller, zamans\u0131z tasar\u0131mlar ve sizi yans\u0131tan par\u00e7alarla olu\u015fturaca\u011f\u0131n\u0131z bir kaps\u00fcl gard\u0131rop ile en karars\u0131z g\u00fcnlerinizde bile stilinizi \u00e7ok \u015f\u0131k \u015fekilde yans\u0131tabilirsiniz. Her erke\u011fin dolab\u0131nda bulunmas\u0131 gereken sabit par\u00e7alar, g\u00fcn\u00fcn her saatinde stilinizi g\u00fc\u00e7l\u00fc [&hellip;]<\/p>\n","protected":false},"author":3,"featured_media":787,"comment_status":"open","ping_status":"open","sticky":false,"template":"","format":"standard","meta":{"footnotes":""},"categories":[1],"tags":[31],"class_list":{"0":"post-786","1":"post","2":"type-post","3":"status-publish","4":"format-standard","5":"has-post-thumbnail","7":"category-moda","8":"tag-erkek-giyim"},"_links":{"self":[{"href":"https:\/\/www.network.com.tr\/blog\/wp-json\/wp\/v2\/posts\/786","targetHints":{"allow":["GET"]}}],"collection":[{"href":"https:\/\/www.network.com.tr\/blog\/wp-json\/wp\/v2\/posts"}],"about":[{"href":"https:\/\/www.network.com.tr\/blog\/wp-json\/wp\/v2\/types\/post"}],"author":[{"embeddable":true,"href":"https:\/\/www.network.com.tr\/blog\/wp-json\/wp\/v2\/users\/3"}],"replies":[{"embeddable":true,"href":"https:\/\/www.network.com.tr\/blog\/wp-json\/wp\/v2\/comments?post=786"}],"version-history":[{"count":2,"href":"https:\/\/www.network.com.tr\/blog\/wp-json\/wp\/v2\/posts\/786\/revisions"}],"predecessor-version":[{"id":789,"href":"https:\/\/www.network.com.tr\/blog\/wp-json\/wp\/v2\/posts\/786\/revisions\/789"}],"wp:featuredmedia":[{"embeddable":true,"href":"https:\/\/www.network.com.tr\/blog\/wp-json\/wp\/v2\/media\/787"}],"wp:attachment":[{"href":"https:\/\/www.network.com.tr\/blog\/wp-json\/wp\/v2\/media?parent=786"}],"wp:term":[{"taxonomy":"category","embeddable":true,"href":"https:\/\/www.network.com.tr\/blog\/wp-json\/wp\/v2\/categories?post=786"},{"taxonomy":"post_tag","embeddable":true,"href":"https:\/\/www.network.com.tr\/blog\/wp-json\/wp\/v2\/tags?post=786"}],"curies":[{"name":"wp","href":"https:\/\/api.w.org\/{rel}","templated":true}]}}