{"id":575,"date":"2025-05-28T14:39:47","date_gmt":"2025-05-28T11:39:47","guid":{"rendered":"https:\/\/www.network.com.tr\/blog\/?p=575"},"modified":"2025-05-28T14:39:47","modified_gmt":"2025-05-28T11:39:47","slug":"dogru-kumasi-secmek-hangi-mevsimde-hangi-kumaslar-tercih-edilmeli","status":"publish","type":"post","link":"https:\/\/www.network.com.tr\/blog\/dogru-kumasi-secmek-hangi-mevsimde-hangi-kumaslar-tercih-edilmeli\/","title":{"rendered":"Do\u011fru Kuma\u015f\u0131 Se\u00e7mek: Hangi Mevsimde Hangi Kuma\u015flar Tercih Edilmeli?"},"content":{"rendered":"<div id=\"ez-toc-container\" class=\"ez-toc-v2_0_81 ez-toc-wrap-center counter-hierarchy ez-toc-counter ez-toc-white ez-toc-container-direction\">\n<div class=\"ez-toc-title-container\">\n<p class=\"ez-toc-title\" style=\"cursor:inherit\">Ak\u0131\u015f<\/p>\n<span class=\"ez-toc-title-toggle\"><a href=\"#\" class=\"ez-toc-pull-right ez-toc-btn ez-toc-btn-xs ez-toc-btn-default ez-toc-toggle\" aria-label=\"\u0130\u00e7indekiler Tablosunu A\u00e7\/Kapat\"><span class=\"ez-toc-js-icon-con\"><span class=\"\"><span class=\"eztoc-hide\" style=\"display:none;\">Toggle<\/span><span class=\"ez-toc-icon-toggle-span\"><svg style=\"fill: #999;color:#999\" xmlns=\"http:\/\/www.w3.org\/2000\/svg\" class=\"list-377408\" width=\"20px\" height=\"20px\" viewBox=\"0 0 24 24\" fill=\"none\"><path d=\"M6 6H4v2h2V6zm14 0H8v2h12V6zM4 11h2v2H4v-2zm16 0H8v2h12v-2zM4 16h2v2H4v-2zm16 0H8v2h12v-2z\" fill=\"currentColor\"><\/path><\/svg><svg style=\"fill: #999;color:#999\" class=\"arrow-unsorted-368013\" xmlns=\"http:\/\/www.w3.org\/2000\/svg\" width=\"10px\" height=\"10px\" viewBox=\"0 0 24 24\" version=\"1.2\" baseProfile=\"tiny\"><path d=\"M18.2 9.3l-6.2-6.3-6.2 6.3c-.2.2-.3.4-.3.7s.1.5.3.7c.2.2.4.3.7.3h11c.3 0 .5-.1.7-.3.2-.2.3-.5.3-.7s-.1-.5-.3-.7zM5.8 14.7l6.2 6.3 6.2-6.3c.2-.2.3-.5.3-.7s-.1-.5-.3-.7c-.2-.2-.4-.3-.7-.3h-11c-.3 0-.5.1-.7.3-.2.2-.3.5-.3.7s.1.5.3.7z\"\/><\/svg><\/span><\/span><\/span><\/a><\/span><\/div>\n<nav><ul class='ez-toc-list ez-toc-list-level-1 ' ><li class='ez-toc-page-1 ez-toc-heading-level-1'><a class=\"ez-toc-link ez-toc-heading-1\" href=\"https:\/\/www.network.com.tr\/blog\/dogru-kumasi-secmek-hangi-mevsimde-hangi-kumaslar-tercih-edilmeli\/#Dogru_Kumasi_Secmek_Hangi_Mevsimde_Hangi_Kumaslar_Tercih_Edilmeli\" >Do\u011fru Kuma\u015f\u0131 Se\u00e7mek: Hangi Mevsimde Hangi Kuma\u015flar Tercih Edilmeli?<\/a><ul class='ez-toc-list-level-2' ><li class='ez-toc-heading-level-2'><a class=\"ez-toc-link ez-toc-heading-2\" href=\"https:\/\/www.network.com.tr\/blog\/dogru-kumasi-secmek-hangi-mevsimde-hangi-kumaslar-tercih-edilmeli\/#Dogru_Kumas_Secimi_Neden_Onemlidir\" >Do\u011fru Kuma\u015f Se\u00e7imi Neden \u00d6nemlidir?<\/a><\/li><li class='ez-toc-page-1 ez-toc-heading-level-2'><a class=\"ez-toc-link ez-toc-heading-3\" href=\"https:\/\/www.network.com.tr\/blog\/dogru-kumasi-secmek-hangi-mevsimde-hangi-kumaslar-tercih-edilmeli\/#Ilkbahar_Icin_En_Iyi_Kumaslar\" >\u0130lkbahar \u0130\u00e7in En \u0130yi Kuma\u015flar<\/a><\/li><li class='ez-toc-page-1 ez-toc-heading-level-2'><a class=\"ez-toc-link ez-toc-heading-4\" href=\"https:\/\/www.network.com.tr\/blog\/dogru-kumasi-secmek-hangi-mevsimde-hangi-kumaslar-tercih-edilmeli\/#Yaz_Aylarinda_Tercih_Edilmesi_Gereken_Kumaslar\" >Yaz Aylar\u0131nda Tercih Edilmesi Gereken Kuma\u015flar<\/a><\/li><li class='ez-toc-page-1 ez-toc-heading-level-2'><a class=\"ez-toc-link ez-toc-heading-5\" href=\"https:\/\/www.network.com.tr\/blog\/dogru-kumasi-secmek-hangi-mevsimde-hangi-kumaslar-tercih-edilmeli\/#Sonbahar_Icin_En_Uygun_Kumas_Secenekleri\" >Sonbahar \u0130\u00e7in En Uygun Kuma\u015f Se\u00e7enekleri<\/a><\/li><li class='ez-toc-page-1 ez-toc-heading-level-2'><a class=\"ez-toc-link ez-toc-heading-6\" href=\"https:\/\/www.network.com.tr\/blog\/dogru-kumasi-secmek-hangi-mevsimde-hangi-kumaslar-tercih-edilmeli\/#Kis_Icin_En_Dayanikli_ve_Sicak_Tutan_Kumaslar\" >K\u0131\u015f \u0130\u00e7in En Dayan\u0131kl\u0131 ve S\u0131cak Tutan Kuma\u015flar<\/a><\/li><li class='ez-toc-page-1 ez-toc-heading-level-2'><a class=\"ez-toc-link ez-toc-heading-7\" href=\"https:\/\/www.network.com.tr\/blog\/dogru-kumasi-secmek-hangi-mevsimde-hangi-kumaslar-tercih-edilmeli\/#Mevsim_Gecislerinde_Hangi_Kumaslar_Tercih_Edilmeli\" >Mevsim Ge\u00e7i\u015flerinde Hangi Kuma\u015flar Tercih Edilmeli?<\/a><\/li><li class='ez-toc-page-1 ez-toc-heading-level-2'><a class=\"ez-toc-link ez-toc-heading-8\" href=\"https:\/\/www.network.com.tr\/blog\/dogru-kumasi-secmek-hangi-mevsimde-hangi-kumaslar-tercih-edilmeli\/#Kumas_Bakimi_Dayanikliligi_Artirmak_Icin_Puf_Noktalar\" >Kuma\u015f Bak\u0131m\u0131: Dayan\u0131kl\u0131l\u0131\u011f\u0131 Art\u0131rmak \u0130\u00e7in P\u00fcf Noktalar<\/a><\/li><li class='ez-toc-page-1 ez-toc-heading-level-2'><a class=\"ez-toc-link ez-toc-heading-9\" href=\"https:\/\/www.network.com.tr\/blog\/dogru-kumasi-secmek-hangi-mevsimde-hangi-kumaslar-tercih-edilmeli\/#2025_Yilinda_Kumas_Trendleri\" >2025 Y\u0131l\u0131nda Kuma\u015f Trendleri<\/a><\/li><\/ul><\/li><\/ul><\/nav><\/div>\n<h1><span class=\"ez-toc-section\" id=\"Dogru_Kumasi_Secmek_Hangi_Mevsimde_Hangi_Kumaslar_Tercih_Edilmeli\"><\/span><span style=\"font-weight: 400;\">Do\u011fru Kuma\u015f\u0131 Se\u00e7mek: Hangi Mevsimde Hangi Kuma\u015flar Tercih Edilmeli?<\/span><span class=\"ez-toc-section-end\"><\/span><\/h1>\n<p><span style=\"font-weight: 400;\">Kuma\u015f se\u00e7imi yaln\u0131zca estetik de\u011fil, ayn\u0131 zamanda konfor ve sa\u011fl\u0131\u011f\u0131 da etkileyen \u00f6nemli bir unsurdur. Giyilen k\u0131yafet ne kadar \u015f\u0131k olursa olsun, e\u011fer yanl\u0131\u015f kuma\u015fla \u00fcretilmi\u015fse g\u00fcn boyunca rahats\u0131zl\u0131k verebilir. Mevsimsel de\u011fi\u015fimlere g\u00f6re kuma\u015f tercihi yapmak, hem stili yans\u0131tmak hem de rahatl\u0131k sa\u011flamak a\u00e7\u0131s\u0131ndan belirleyici olur. Yaz\u0131m\u0131zda mevsimlere g\u00f6re ideal kuma\u015f t\u00fcrlerini, 2025 y\u0131l\u0131 kuma\u015f trendlerini ve kuma\u015f bak\u0131m\u0131n\u0131n p\u00fcf noktalar\u0131n\u0131 ele al\u0131rken hangi mevsimde hangi kuma\u015flar tercih edilmeli sorusunun yan\u0131t\u0131n\u0131 mercek alt\u0131na al\u0131yoruz.<\/span><\/p>\n<h2><span class=\"ez-toc-section\" id=\"Dogru_Kumas_Secimi_Neden_Onemlidir\"><\/span><span style=\"font-weight: 400;\">Do\u011fru Kuma\u015f Se\u00e7imi Neden \u00d6nemlidir?<\/span><span class=\"ez-toc-section-end\"><\/span><\/h2>\n<p><span style=\"font-weight: 400;\">Giyim tercihleri yaln\u0131zca g\u00f6r\u00fcn\u00fc\u015fle s\u0131n\u0131rl\u0131 kalmaz; ayn\u0131 zamanda konfor, mevsimsel uygunluk ve cilt sa\u011fl\u0131\u011f\u0131 a\u00e7\u0131s\u0131ndan da belirleyici olur. Bu y\u00fczden do\u011fru kuma\u015f se\u00e7imi her mevsim i\u00e7in b\u00fcy\u00fck \u00f6nem ta\u015f\u0131r. V\u00fccut s\u0131cakl\u0131\u011f\u0131n\u0131 dengede tutan, hava ge\u00e7iren ve cilde zarar vermeyen kuma\u015flar\u0131 bilmek stilin yan\u0131 s\u0131ra ya\u015fam kalitesini art\u0131r\u0131r.<\/span><\/p>\n<h3><span style=\"font-weight: 400;\">Kuma\u015f\u0131n Nefes Alabilirli\u011fi ve Konforu<\/span><\/h3>\n<p><span style=\"font-weight: 400;\">Nefes alabilen kuma\u015flar, v\u00fccut \u0131s\u0131s\u0131n\u0131 dengeler ve terlemeyi \u00f6nler. \u00d6zellikle yaz aylar\u0131nda pamuk, keten, viskon gibi kuma\u015flar ideal se\u00e7eneklerdir. Kuma\u015flar hava ge\u00e7irgenli\u011fi sayesinde cildin nefes almas\u0131na imk\u00e2n tan\u0131r ve g\u00fcn boyunca ferahl\u0131k sunar.<\/span><\/p>\n<h3><span style=\"font-weight: 400;\">Mevsime Uygun Kuma\u015f Se\u00e7menin Avantajlar\u0131<\/span><\/h3>\n<p><span style=\"font-weight: 400;\">Mevsime g\u00f6re kuma\u015f se\u00e7imi hem sa\u011fl\u0131k hem de enerji tasarrufu a\u00e7\u0131s\u0131ndan avantaj sa\u011flar. So\u011fuk havalarda \u0131s\u0131y\u0131 i\u00e7inde tutan, s\u0131cak havalarda ise v\u00fccut \u0131s\u0131s\u0131n\u0131 d\u0131\u015far\u0131 atan kuma\u015flar kullanmak, fizyolojik faydalar\u0131n yan\u0131nda \u00e7evreye duyarl\u0131l\u0131k da getirir.<\/span><\/p>\n<h3><span style=\"font-weight: 400;\">\u015e\u0131kl\u0131k ve Fonksiyonelli\u011fi Bir Araya Getirmek<\/span><\/h3>\n<p><span style=\"font-weight: 400;\">Modern giyimde yaln\u0131zca g\u00f6r\u00fcn\u00fcm de\u011fil, i\u015flevsellik de \u00f6nem ta\u015f\u0131r. G\u00fcn\u00fcm\u00fczde do\u011fru kuma\u015fla tasarlan\u0131p dikilen pek \u00e7ok kad\u0131n ve <\/span><a href=\"https:\/\/www.network.com.tr\/erkek-gomlek-cesitleri-710\" target=\"_blank\" rel=\"noopener\"><span style=\"font-weight: 400;\"><strong>erkek g\u00f6mlek<\/strong><\/span><\/a><span style=\"font-weight: 400;\"> modelleri \u015f\u0131k olmas\u0131n\u0131n yan\u0131 s\u0131ra fonksiyonelli\u011fi ile de dikkat \u00e7eker.<\/span><\/p>\n<h2><span class=\"ez-toc-section\" id=\"Ilkbahar_Icin_En_Iyi_Kumaslar\"><\/span><span style=\"font-weight: 400;\">\u0130lkbahar \u0130\u00e7in En \u0130yi Kuma\u015flar<\/span><span class=\"ez-toc-section-end\"><\/span><\/h2>\n<p><span style=\"font-weight: 400;\">\u0130lkbahar, mevsim ge\u00e7i\u015finin etkisiyle g\u00fcn i\u00e7inde s\u0131cakl\u0131k farklar\u0131n\u0131n ya\u015fand\u0131\u011f\u0131 bir d\u00f6nemdir. Se\u00e7ilecek kuma\u015flar, sabah\u0131n serinli\u011fiyle \u00f6\u011fle saatlerinin s\u0131cakl\u0131\u011f\u0131 aras\u0131nda denge kurar. Hafif ama koruyucu, nefes alabilen ancak \u00fc\u015f\u00fctmeyen kuma\u015flar bu mevsimde \u00f6n plana \u00e7\u0131kar.<\/span><\/p>\n<h3><span style=\"font-weight: 400;\">Pamuk: Hafif ve Nefes Alabilen Yap\u0131<\/span><\/h3>\n<p><span style=\"font-weight: 400;\">\u0130lkbaharda pamuk, nefes alabilir yap\u0131s\u0131 sayesinde cilt dostu olur ve g\u00fcn boyunca konfor sa\u011flar. Ayn\u0131 zamanda alerji riskini azalt\u0131r ve serin bir his b\u0131rak\u0131r.<\/span><\/p>\n<h3><span style=\"font-weight: 400;\">Keten: S\u0131cak Havalar \u0130\u00e7in \u0130deal<\/span><\/h3>\n<p><span style=\"font-weight: 400;\">Keten, \u00f6zellikle ilkbahar sonlar\u0131nda s\u0131cakl\u0131klar\u0131n artmas\u0131yla \u00f6ne \u00e7\u0131kar. Terlemeyi minimuma indirir ve serin bir deneyim sunar.<\/span><\/p>\n<h3><span style=\"font-weight: 400;\">Viskon: Yumu\u015fak ve Hafif Dokusu ile \u00d6ne \u00c7\u0131kan Se\u00e7enek<\/span><\/h3>\n<p><span style=\"font-weight: 400;\">Yar\u0131 sentetik bir kuma\u015f olan viskon, hafifli\u011fi ve d\u00f6k\u00fcml\u00fc yap\u0131s\u0131yla hem rahat hem de zarif bir se\u00e7enek sunar.<\/span><\/p>\n<p><img loading=\"lazy\" decoding=\"async\" class=\"alignnone wp-image-577 size-full\" src=\"https:\/\/network.com.tr\/blog\/wp-content\/uploads\/2025\/05\/resim2_960x540-5.jpg\" alt=\"\" width=\"960\" height=\"540\" srcset=\"https:\/\/www.network.com.tr\/blog\/wp-content\/uploads\/2025\/05\/resim2_960x540-5.jpg 960w, https:\/\/www.network.com.tr\/blog\/wp-content\/uploads\/2025\/05\/resim2_960x540-5-300x169.jpg 300w, https:\/\/www.network.com.tr\/blog\/wp-content\/uploads\/2025\/05\/resim2_960x540-5-768x432.jpg 768w, https:\/\/www.network.com.tr\/blog\/wp-content\/uploads\/2025\/05\/resim2_960x540-5-696x392.jpg 696w, https:\/\/www.network.com.tr\/blog\/wp-content\/uploads\/2025\/05\/resim2_960x540-5-750x422.jpg 750w\" sizes=\"auto, (max-width: 960px) 100vw, 960px\" \/><\/p>\n<h2><span class=\"ez-toc-section\" id=\"Yaz_Aylarinda_Tercih_Edilmesi_Gereken_Kumaslar\"><\/span><span style=\"font-weight: 400;\">Yaz Aylar\u0131nda Tercih Edilmesi Gereken Kuma\u015flar<\/span><span class=\"ez-toc-section-end\"><\/span><\/h2>\n<p><span style=\"font-weight: 400;\">Y\u00fcksek s\u0131cakl\u0131klar\u0131n ya\u015fand\u0131\u011f\u0131 yaz mevsiminde giyilen k\u0131yafetlerin temel amac\u0131 serin kalmakt\u0131r. Bu nedenle, v\u00fccuda yap\u0131\u015fmayan, hafif, teri kolayca emebilen ve hava ge\u00e7irgenli\u011fi y\u00fcksek kuma\u015flar \u00f6ncelikli olarak tercih edilir.<\/span><\/p>\n<h3><span style=\"font-weight: 400;\">\u0130nce Pamuk ve Keten ile Serin Kal\u0131n<\/span><\/h3>\n<p><span style=\"font-weight: 400;\">Yaz\u0131n hangi kuma\u015flar giyilmeli sorusunun ilk cevab\u0131, elbette ki ince dokulu pamuk ve keten olur. Terlemeyi \u00f6nler, v\u00fccuda yap\u0131\u015fmaz ve do\u011fal lifleri sayesinde ciltte tahri\u015fe neden olmaz.<\/span><\/p>\n<h3><span style=\"font-weight: 400;\">\u015eile Bezi ve Viskon Kuma\u015flar\u0131n Hafifli\u011fi<\/span><\/h3>\n<p><span style=\"font-weight: 400;\">Yaz aylar\u0131nda en rahat kuma\u015flar nelerdir diye soranlara \u015eile bezi gibi do\u011fal ve yerel kuma\u015flar \u00f6nerilir. Viskon da yumu\u015fakl\u0131\u011f\u0131yla yaz i\u00e7in cazip bir tercihtir.<\/span><\/p>\n<h3><span style=\"font-weight: 400;\">Polyester ve Sentetik Kuma\u015flardan Neden Ka\u00e7\u0131n\u0131lmal\u0131?<\/span><\/h3>\n<p><span style=\"font-weight: 400;\">Sentetik kuma\u015flar hava ge\u00e7irgenli\u011finin d\u00fc\u015f\u00fck olmas\u0131 nedeniyle yaz aylar\u0131nda rahats\u0131zl\u0131k yarat\u0131r. Terlemeyi art\u0131r\u0131r ve k\u00f6t\u00fc koku olu\u015fumuna neden olabilir.<\/span><\/p>\n<h2><span class=\"ez-toc-section\" id=\"Sonbahar_Icin_En_Uygun_Kumas_Secenekleri\"><\/span><span style=\"font-weight: 400;\">Sonbahar \u0130\u00e7in En Uygun Kuma\u015f Se\u00e7enekleri<\/span><span class=\"ez-toc-section-end\"><\/span><\/h2>\n<p><span style=\"font-weight: 400;\">Sonbahar, yaz\u0131n hafifli\u011finden k\u0131\u015f\u0131n a\u011f\u0131rl\u0131\u011f\u0131na ge\u00e7i\u015fi simgeler. Bu mevsimde kullan\u0131lan kuma\u015flar da ge\u00e7i\u015fe uyum sa\u011flar. Orta kal\u0131nl\u0131kta, katmanlanabilir ve stil sahibi kuma\u015flar sonbahar kombinlerinin temelini olu\u015fturur.<\/span><\/p>\n<h3><span style=\"font-weight: 400;\">Y\u00fcn ve Ka\u015fmir: Serin Havalar \u0130\u00e7in Do\u011fru Se\u00e7im<\/span><\/h3>\n<p><span style=\"font-weight: 400;\">So\u011fuk havalar i\u00e7in en iyi kuma\u015f hangisi sorusunun cevab\u0131, sonbaharda y\u00fcn ve ka\u015fmir olur. Is\u0131y\u0131 muhafaza eden kuma\u015flar \u015f\u0131kl\u0131\u011f\u0131 da beraberinde getirir.<\/span><\/p>\n<h3><span style=\"font-weight: 400;\">Kadife ve S\u00fcet: \u015e\u0131kl\u0131k ve S\u0131cakl\u0131\u011f\u0131 Bir Araya Getirmek<\/span><\/h3>\n<p><span style=\"font-weight: 400;\">Dokunsal ve g\u00f6rsel olarak s\u0131cakl\u0131k yayan kadife ve s\u00fcet kuma\u015flar, sonbahar stilinde fark yarat\u0131r. \u00d6zellikle ak\u015fam kombinlerinde tercih edilir.<\/span><\/p>\n<h3><span style=\"font-weight: 400;\">Mevsim Ge\u00e7i\u015fleri \u0130\u00e7in Pamuklu ve Kar\u0131\u015f\u0131ml\u0131 Kuma\u015flar<\/span><\/h3>\n<p><span style=\"font-weight: 400;\">Pamuk-polyester kar\u0131\u015f\u0131ml\u0131 kuma\u015flar hem \u015f\u0131kl\u0131k hem de dayan\u0131kl\u0131l\u0131k sunar. Pamuk polyester kar\u0131\u015f\u0131ml\u0131 kuma\u015flar <\/span><a href=\"https:\/\/www.network.com.tr\/pantolon-718\" target=\"_blank\" rel=\"noopener\"><span style=\"font-weight: 400;\"><strong>erkek pantolon<\/strong><\/span><\/a><span style=\"font-weight: 400;\"> ve blazer tasar\u0131mlar\u0131nda s\u0131k\u00e7a kullan\u0131l\u0131r.<\/span><\/p>\n<h2><span class=\"ez-toc-section\" id=\"Kis_Icin_En_Dayanikli_ve_Sicak_Tutan_Kumaslar\"><\/span><span style=\"font-weight: 400;\">K\u0131\u015f \u0130\u00e7in En Dayan\u0131kl\u0131 ve S\u0131cak Tutan Kuma\u015flar<\/span><span class=\"ez-toc-section-end\"><\/span><\/h2>\n<p><span style=\"font-weight: 400;\">K\u0131\u015f aylar\u0131nda v\u00fccudu so\u011fuktan koruyan, s\u0131cakl\u0131\u011f\u0131 i\u00e7eride tutan ve r\u00fczgar gibi d\u0131\u015f etkenlere kar\u015f\u0131 diren\u00e7 g\u00f6steren kuma\u015flar b\u00fcy\u00fck \u00f6nem ta\u015f\u0131r.<\/span><\/p>\n<h3><span style=\"font-weight: 400;\">Y\u00fcnl\u00fc Kuma\u015flarla So\u011fuktan Korunun<\/span><\/h3>\n<p><span style=\"font-weight: 400;\">K\u0131\u015f\u0131n hangi kuma\u015flar tercih edilmeli sorusunun en klasik yan\u0131t\u0131 y\u00fcnd\u00fcr. Do\u011fal yap\u0131s\u0131 sayesinde v\u00fccut \u0131s\u0131s\u0131n\u0131 korur.<\/span><\/p>\n<h3><span style=\"font-weight: 400;\">Ka\u015fmir ve Y\u00fcn Kar\u0131\u015f\u0131ml\u0131 Kuma\u015flar\u0131n Faydalar\u0131<\/span><\/h3>\n<p><span style=\"font-weight: 400;\">Ka\u015fmirin yumu\u015fak dokusu y\u00fcnle kar\u0131\u015ft\u0131r\u0131ld\u0131\u011f\u0131nda hem dayan\u0131kl\u0131l\u0131k hem de s\u0131cakl\u0131k sa\u011flar. Bu kuma\u015flar \u00f6zellikle kaban ve ceketlerde tercih edilir.<\/span><\/p>\n<h3><span style=\"font-weight: 400;\">Su ve R\u00fczgar Ge\u00e7irmeyen Teknik Kuma\u015flar<\/span><\/h3>\n<p><span style=\"font-weight: 400;\">Teknik kuma\u015flar, su ve r\u00fczgar ge\u00e7irmez \u00f6zellikleriyle k\u0131\u015f mevsiminde d\u0131\u015f giyimde fonksiyonelli\u011fi art\u0131r\u0131r.<\/span><\/p>\n<h2><span class=\"ez-toc-section\" id=\"Mevsim_Gecislerinde_Hangi_Kumaslar_Tercih_Edilmeli\"><\/span><span style=\"font-weight: 400;\">Mevsim Ge\u00e7i\u015flerinde Hangi Kuma\u015flar Tercih Edilmeli?<\/span><span class=\"ez-toc-section-end\"><\/span><\/h2>\n<p><span style=\"font-weight: 400;\">\u0130lkbahar ve sonbahar gibi ge\u00e7i\u015f d\u00f6nemlerinde, g\u00fcn i\u00e7indeki s\u0131cakl\u0131k farkl\u0131l\u0131klar\u0131na uyum sa\u011flayabilecek, kat kat giyilebilen ve hafif yap\u0131l\u0131 kuma\u015flara ihtiya\u00e7 duyulur.<\/span><\/p>\n<h3><span style=\"font-weight: 400;\">Triko ve \u00d6rme Kuma\u015flar ile Konfor<\/span><\/h3>\n<p><span style=\"font-weight: 400;\">Triko kuma\u015flar serin sabahlarda ve \u0131l\u0131k \u00f6\u011fleden sonralar\u0131nda konfor sunar. Katmanlanabilir yap\u0131lar\u0131 sayesinde ge\u00e7i\u015f mevsiminde s\u0131k\u00e7a tercih edilir.<\/span><\/p>\n<h3><span style=\"font-weight: 400;\">Hafif Y\u00fcnl\u00fc Kuma\u015flar\u0131n Kullan\u0131m\u0131<\/span><\/h3>\n<p><span style=\"font-weight: 400;\">\u0130nce y\u00fcnl\u00fc kuma\u015flar, mevsim ge\u00e7i\u015flerinde \u015f\u0131kl\u0131\u011f\u0131 ve konforu bir arada sunar. \u00d6zellikle <\/span><strong><a href=\"https:\/\/www.network.com.tr\/kadin-tulum-modelleri-702\" target=\"_blank\" rel=\"noopener\">kad\u0131n tulum<\/a><\/strong><span style=\"font-weight: 400;\"> modellerinde \u00f6ne \u00e7\u0131kar.<\/span><\/p>\n<h3><span style=\"font-weight: 400;\">Do\u011fal ve Sentetik Kar\u0131\u015f\u0131ml\u0131 Kuma\u015flarla Dengeli \u015e\u0131kl\u0131k<\/span><\/h3>\n<p><span style=\"font-weight: 400;\">Pamuk ve polyester kar\u0131\u015f\u0131m\u0131 kuma\u015flar buru\u015fmay\u0131 engeller ve uzun s\u00fcreli kullan\u0131m avantaj\u0131 sa\u011flar.<\/span><\/p>\n<p><img loading=\"lazy\" decoding=\"async\" class=\"aligncenter wp-image-578 \" src=\"https:\/\/network.com.tr\/blog\/wp-content\/uploads\/2025\/05\/resim3_540x960-5-e1748432318409.jpg\" alt=\"\" width=\"373\" height=\"578\" srcset=\"https:\/\/www.network.com.tr\/blog\/wp-content\/uploads\/2025\/05\/resim3_540x960-5-e1748432318409.jpg 540w, https:\/\/www.network.com.tr\/blog\/wp-content\/uploads\/2025\/05\/resim3_540x960-5-e1748432318409-194x300.jpg 194w\" sizes=\"auto, (max-width: 373px) 100vw, 373px\" \/><\/p>\n<h2><span class=\"ez-toc-section\" id=\"Kumas_Bakimi_Dayanikliligi_Artirmak_Icin_Puf_Noktalar\"><\/span><span style=\"font-weight: 400;\">Kuma\u015f Bak\u0131m\u0131: Dayan\u0131kl\u0131l\u0131\u011f\u0131 Art\u0131rmak \u0130\u00e7in P\u00fcf Noktalar<\/span><span class=\"ez-toc-section-end\"><\/span><\/h2>\n<p><span style=\"font-weight: 400;\">En kaliteli kuma\u015f bile yanl\u0131\u015f bak\u0131mda deforme olabilir. Kuma\u015f t\u00fcr\u00fcne uygun y\u0131kama, kurutma ve saklama teknikleri, giyim \u00fcr\u00fcnlerinin \u00f6mr\u00fcn\u00fc uzat\u0131r.<\/span><\/p>\n<h3><span style=\"font-weight: 400;\">Do\u011fru Y\u0131kama ve Kurutma Teknikleri<\/span><\/h3>\n<p><span style=\"font-weight: 400;\">Pamuk y\u00fcksek \u0131s\u0131da y\u0131kanabilirken, ka\u015fmir ve y\u00fcn so\u011fuk suda y\u0131kanmal\u0131 ve d\u00fcz zeminde kurutulmal\u0131d\u0131r.<\/span><\/p>\n<h3><span style=\"font-weight: 400;\">Kuma\u015f T\u00fcr\u00fcne G\u00f6re \u00dct\u00fcleme \u00d6nerileri<\/span><\/h3>\n<p><span style=\"font-weight: 400;\">Sentetik kuma\u015flar d\u00fc\u015f\u00fck \u0131s\u0131da, pamuk ve keten y\u00fcksek \u0131s\u0131da \u00fct\u00fclenmelidir. Buharl\u0131 \u00fct\u00fc, k\u0131r\u0131\u015f\u0131kl\u0131klar\u0131 giderirken kuma\u015f\u0131n \u00f6mr\u00fcn\u00fc de uzat\u0131r.<\/span><\/p>\n<h3><span style=\"font-weight: 400;\">Do\u011fal Kuma\u015flar\u0131 Uzun S\u00fcre Koruman\u0131n Yollar\u0131<\/span><\/h3>\n<p><span style=\"font-weight: 400;\">En iyi kuma\u015f t\u00fcrleri aras\u0131nda yer alan do\u011fal kuma\u015flar, hava alabilen torbalarda saklanmal\u0131 ve kimyasallardan uzak tutulmal\u0131d\u0131r.<\/span><\/p>\n<h2><span class=\"ez-toc-section\" id=\"2025_Yilinda_Kumas_Trendleri\"><\/span><span style=\"font-weight: 400;\">2025 Y\u0131l\u0131nda Kuma\u015f Trendleri<\/span><span class=\"ez-toc-section-end\"><\/span><\/h2>\n<p><span style=\"font-weight: 400;\">Moda end\u00fcstrisi art\u0131k yaln\u0131zca \u015f\u0131kl\u0131kla de\u011fil, \u00e7evre bilinci ve teknolojik yeniliklerle de \u015fekillenir. 2025 y\u0131l\u0131, s\u00fcrd\u00fcr\u00fclebilir kuma\u015flar\u0131n y\u00fckseli\u015fi, yeni nesil teknolojik tekstillerin kullan\u0131m\u0131 ve organik \u00fcretim anlay\u0131\u015f\u0131n\u0131n g\u00fc\u00e7 kazand\u0131\u011f\u0131 bir d\u00f6nem olur.<\/span><\/p>\n<h3><span style=\"font-weight: 400;\">S\u00fcrd\u00fcr\u00fclebilir ve Geri D\u00f6n\u00fc\u015ft\u00fcr\u00fclebilir Kuma\u015flar<\/span><\/h3>\n<p><span style=\"font-weight: 400;\">Geri d\u00f6n\u00fc\u015ft\u00fcr\u00fclm\u00fc\u015f pamuk, plastikten elde edilen polyester ve do\u011fal boyalarla \u00fcretilmi\u015f kuma\u015flar ile tasarlanan erkek ve <\/span><strong><a href=\"https:\/\/www.network.com.tr\/kadin-gomlek-cesitleri-698\" target=\"_blank\" rel=\"noopener\">kad\u0131n g\u00f6mlek<\/a><\/strong><span style=\"font-weight: 400;\"> \u00e7e\u015fitleri ve di\u011fer par\u00e7alar stilin pop\u00fclerli\u011fini art\u0131r\u0131r.<\/span><\/p>\n<h3><span style=\"font-weight: 400;\">Organik Pamuk ve Bambu Kuma\u015flar\u0131n Y\u00fckseli\u015fi<\/span><\/h3>\n<p><span style=\"font-weight: 400;\">S\u00fcrd\u00fcr\u00fclebilirlik anlay\u0131\u015f\u0131yla \u00fcretilen organik pamuk ve bambu kuma\u015flar, \u00f6zellikle i\u00e7 giyimde ve yazl\u0131k k\u0131yafetlerde yayg\u0131nla\u015f\u0131r.<\/span><\/p>\n<h3><span style=\"font-weight: 400;\">Teknolojik Kuma\u015flar\u0131n G\u00fcnl\u00fck Hayata Entegrasyonu<\/span><\/h3>\n<p><span style=\"font-weight: 400;\">Is\u0131y\u0131 alg\u0131layan, UV korumas\u0131 sa\u011flayan, su ge\u00e7irmez ama nefes alabilir kuma\u015flar art\u0131k yaln\u0131zca spor giyimle s\u0131n\u0131rl\u0131 kalmaz. Teknolojik par\u00e7alar\u0131n \u015fehir giyiminde ba\u015far\u0131yla entegre olmas\u0131n\u0131 sa\u011flayabilirsiniz.<\/span><\/p>\n<p><span style=\"font-weight: 400;\">Network.com.tr ile kaliteli ve se\u00e7kin kuma\u015flardan olu\u015fan par\u00e7alar\u0131 stilinize uygun \u015fekilde e\u015fle\u015ftirerek \u015f\u0131kl\u0131\u011f\u0131n\u0131z\u0131 yans\u0131tabilirsiniz.<\/span><\/p>\n","protected":false},"excerpt":{"rendered":"<p>Do\u011fru Kuma\u015f\u0131 Se\u00e7mek: Hangi Mevsimde Hangi Kuma\u015flar Tercih Edilmeli? Kuma\u015f se\u00e7imi yaln\u0131zca estetik de\u011fil, ayn\u0131 zamanda konfor ve sa\u011fl\u0131\u011f\u0131 da etkileyen \u00f6nemli bir unsurdur. Giyilen k\u0131yafet ne kadar \u015f\u0131k olursa olsun, e\u011fer yanl\u0131\u015f kuma\u015fla \u00fcretilmi\u015fse g\u00fcn boyunca rahats\u0131zl\u0131k verebilir. Mevsimsel de\u011fi\u015fimlere g\u00f6re kuma\u015f tercihi yapmak, hem stili yans\u0131tmak hem de rahatl\u0131k sa\u011flamak a\u00e7\u0131s\u0131ndan belirleyici olur. [&hellip;]<\/p>\n","protected":false},"author":3,"featured_media":576,"comment_status":"open","ping_status":"open","sticky":false,"template":"","format":"standard","meta":{"footnotes":""},"categories":[1],"tags":[30,29,28],"class_list":{"0":"post-575","1":"post","2":"type-post","3":"status-publish","4":"format-standard","5":"has-post-thumbnail","7":"category-moda","8":"tag-kasmir","9":"tag-keten","10":"tag-kumas"},"_links":{"self":[{"href":"https:\/\/www.network.com.tr\/blog\/wp-json\/wp\/v2\/posts\/575","targetHints":{"allow":["GET"]}}],"collection":[{"href":"https:\/\/www.network.com.tr\/blog\/wp-json\/wp\/v2\/posts"}],"about":[{"href":"https:\/\/www.network.com.tr\/blog\/wp-json\/wp\/v2\/types\/post"}],"author":[{"embeddable":true,"href":"https:\/\/www.network.com.tr\/blog\/wp-json\/wp\/v2\/users\/3"}],"replies":[{"embeddable":true,"href":"https:\/\/www.network.com.tr\/blog\/wp-json\/wp\/v2\/comments?post=575"}],"version-history":[{"count":0,"href":"https:\/\/www.network.com.tr\/blog\/wp-json\/wp\/v2\/posts\/575\/revisions"}],"wp:featuredmedia":[{"embeddable":true,"href":"https:\/\/www.network.com.tr\/blog\/wp-json\/wp\/v2\/media\/576"}],"wp:attachment":[{"href":"https:\/\/www.network.com.tr\/blog\/wp-json\/wp\/v2\/media?parent=575"}],"wp:term":[{"taxonomy":"category","embeddable":true,"href":"https:\/\/www.network.com.tr\/blog\/wp-json\/wp\/v2\/categories?post=575"},{"taxonomy":"post_tag","embeddable":true,"href":"https:\/\/www.network.com.tr\/blog\/wp-json\/wp\/v2\/tags?post=575"}],"curies":[{"name":"wp","href":"https:\/\/api.w.org\/{rel}","templated":true}]}}